{"id":7580,"date":"2024-09-23T08:15:17","date_gmt":"2024-09-23T08:15:17","guid":{"rendered":"https:\/\/amberdocafe.ca\/la-mision-etico-ecologica-de-amberdo\/"},"modified":"2025-10-26T13:37:12","modified_gmt":"2025-10-26T13:37:12","slug":"la-mision-etico-ecologica-de-amberdo","status":"publish","type":"post","link":"https:\/\/amberdo.ca\/es\/la-mision-etico-ecologica-de-amberdo\/","title":{"rendered":"La Misi\u00f3n \u00c9tico-Ecol\u00f3gica de Amberdo"},"content":{"rendered":"&#13;\n<p>En un momento en que la conciencia ambiental es m\u00e1s importante que nunca, Amberdo Caf\u00e9 se posiciona como l\u00edder en la cultura del caf\u00e9 sostenible. Creemos que cada taza de caf\u00e9 no solo debe ser un placer para los sentidos, sino tambi\u00e9n contribuir positivamente al planeta y a las comunidades que cultivan nuestros granos. <\/p>&#13;\n&#13;\n<h2 class=\"wp-block-heading\">Abastecimiento \u00c9tico de Granos de Caf\u00e9<\/h2>&#13;\n&#13;\n<p>Nuestro compromiso con la sostenibilidad comienza en el origen. Amberdo Caf\u00e9 selecciona cuidadosamente los granos de caf\u00e9 de agricultores que practican una agricultura respetuosa con el medio ambiente y cumplen con est\u00e1ndares laborales justos. Al asociarnos con cooperativas que garantizan salarios equitativos y condiciones de trabajo seguras, apoyamos los medios de vida de las comunidades cafetaleras en todo el mundo.  <\/p>&#13;\n&#13;\n<h2 class=\"wp-block-heading\">Promoci\u00f3n de Pr\u00e1cticas Agr\u00edcolas Sostenibles<\/h2>&#13;\n&#13;\n<p>Priorizamos granos cultivados mediante m\u00e9todos sostenibles que protegen y preservan el medio ambiente. Nuestro enfoque en caf\u00e9 cultivado a la sombra y org\u00e1nico reduce la necesidad de pesticidas da\u00f1inos y fomenta la biodiversidad. Este enfoque no solo produce granos de alta calidad, sino que tambi\u00e9n mantiene ecosistemas saludables en las regiones productoras de caf\u00e9.  <\/p>&#13;\n&#13;\n<h2 class=\"wp-block-heading\">Iniciativas Ecol\u00f3gicas en la Cafeter\u00eda<\/h2>&#13;\n&#13;\n<p>Nuestro compromiso con el medio ambiente va m\u00e1s all\u00e1 del abastecimiento:<\/p>&#13;\n\r\n<ul class=\"wp-block-list\">&#13;\n<li>Materiales Reutilizables y Biodegradables: Invitamos a los clientes a traer sus propias tazas con un incentivo de descuento. Para opciones para llevar, ofrecemos vasos y pajitas hechos de materiales biodegradables. <\/li>&#13;\n\r\n\r\n&#13;\n<li>Eficiencia Energ\u00e9tica: La cafeter\u00eda utiliza electrodom\u00e9sticos de bajo consumo y luces LED. Implementamos pr\u00e1cticas para minimizar el consumo de energ\u00eda durante las horas de menor actividad. <\/li>&#13;\n\r\n\r\n&#13;\n<li>Reducci\u00f3n de Residuos y Reciclaje: Contamos con un programa integral de reciclaje, y los desechos org\u00e1nicos se compostan. Los posos de caf\u00e9 usados se donan a jardines comunitarios locales como fertilizante natural. <\/li>&#13;\n<\/ul>\r\n&#13;\n<h2 class=\"wp-block-heading\">Compromiso y Educaci\u00f3n con la Comunidad<\/h2>&#13;\n&#13;\n<p>Amberdo Caf\u00e9 sirve como un centro para la conciencia ambiental:<\/p>&#13;\n\r\n<ul class=\"wp-block-list\">&#13;\n<li>Talleres y Seminarios: Organizamos eventos regulares para educar a nuestra comunidad sobre pr\u00e1cticas sostenibles en la industria del caf\u00e9.<\/li>&#13;\n\r\n\r\n&#13;\n<li>Colaboraciones con Grupos Ambientales Locales: Asociarnos con organizaciones locales amplifica nuestro impacto y fomenta un esfuerzo colectivo hacia la sostenibilidad.<\/li>&#13;\n<\/ul>\r\n&#13;\n<h2 class=\"wp-block-heading\">Un Esfuerzo Colectivo por un Futuro M\u00e1s Verde<\/h2>&#13;\n&#13;\n<p>La sostenibilidad es un camino compartido. Al elegir Amberdo Caf\u00e9, participas en un movimiento que valora el planeta y a sus habitantes. Cada sorbo es un paso hacia un futuro m\u00e1s sostenible.  <\/p>&#13;\n&#13;\n<h3 class=\"wp-block-heading\">Conclusi\u00f3n<\/h3>&#13;\n&#13;\n<p>En Amberdo Caf\u00e9, la sostenibilidad no es solo una pr\u00e1ctica, es una filosof\u00eda integrada en cada aspecto de nuestras operaciones. Estamos dedicados a ofrecer una experiencia de caf\u00e9 de calidad que sea respetuosa con el medio ambiente y la comunidad global. \u00danete a nosotros para hacer una diferencia, una taza a la vez.  <\/p>&#13;\n","protected":false},"excerpt":{"rendered":"<p>&#13; En un momento en que la conciencia ambiental es m\u00e1s importante que nunca, Amberdo Caf\u00e9 se posiciona como l\u00edder en la cultura del caf\u00e9 sostenible. Creemos que cada taza de caf\u00e9 no solo debe ser un placer para los sentidos, sino tambi\u00e9n contribuir positivamente al planeta y a las comunidades que cultivan nuestros granos. &#13; &#13; Abastecimiento \u00c9tico de Granos de Caf\u00e9 &#13; &#13; Nuestro compromiso con la sostenibilidad comienza en [&hellip;]<\/p>\n","protected":false},"author":2,"featured_media":7581,"comment_status":"open","ping_status":"open","sticky":false,"template":"","format":"standard","meta":{"_seopress_robots_primary_cat":"none","_seopress_titles_title":"Consumo Sostenible: El Compromiso de Amberdo Caf\u00e9 con Pr\u00e1cticas de Caf\u00e9 \u00c9ticas y Ecol\u00f3gicas","_seopress_titles_desc":"Creemos que cada taza de caf\u00e9 no solo debe deleitar tus sentidos, sino tambi\u00e9n contribuir positivamente al planeta.","_seopress_robots_index":"","footnotes":""},"categories":[131],"tags":[],"class_list":["post-7580","post","type-post","status-publish","format-standard","has-post-thumbnail","hentry","category-sin-categoria"],"_links":{"self":[{"href":"https:\/\/amberdo.ca\/es\/wp-json\/wp\/v2\/posts\/7580","targetHints":{"allow":["GET"]}}],"collection":[{"href":"https:\/\/amberdo.ca\/es\/wp-json\/wp\/v2\/posts"}],"about":[{"href":"https:\/\/amberdo.ca\/es\/wp-json\/wp\/v2\/types\/post"}],"author":[{"embeddable":true,"href":"https:\/\/amberdo.ca\/es\/wp-json\/wp\/v2\/users\/2"}],"replies":[{"embeddable":true,"href":"https:\/\/amberdo.ca\/es\/wp-json\/wp\/v2\/comments?post=7580"}],"version-history":[{"count":1,"href":"https:\/\/amberdo.ca\/es\/wp-json\/wp\/v2\/posts\/7580\/revisions"}],"predecessor-version":[{"id":7582,"href":"https:\/\/amberdo.ca\/es\/wp-json\/wp\/v2\/posts\/7580\/revisions\/7582"}],"wp:featuredmedia":[{"embeddable":true,"href":"https:\/\/amberdo.ca\/es\/wp-json\/wp\/v2\/media\/7581"}],"wp:attachment":[{"href":"https:\/\/amberdo.ca\/es\/wp-json\/wp\/v2\/media?parent=7580"}],"wp:term":[{"taxonomy":"category","embeddable":true,"href":"https:\/\/amberdo.ca\/es\/wp-json\/wp\/v2\/categories?post=7580"},{"taxonomy":"post_tag","embeddable":true,"href":"https:\/\/amberdo.ca\/es\/wp-json\/wp\/v2\/tags?post=7580"}],"curies":[{"name":"wp","href":"https:\/\/api.w.org\/{rel}","templated":true}]}}